{"id":517,"date":"2026-04-27T09:00:00","date_gmt":"2026-04-27T12:00:00","guid":{"rendered":"https:\/\/destinorj.com.br\/?p=517"},"modified":"2026-04-15T22:23:32","modified_gmt":"2026-04-16T01:23:32","slug":"mirante-do-morro-do-molhado","status":"publish","type":"post","link":"https:\/\/destinorj.com.br\/index.php\/2026\/04\/27\/mirante-do-morro-do-molhado\/","title":{"rendered":"Mirante do Morro do Molhado"},"content":{"rendered":"\n<p>O Morro do Molhado \u00e9 uma eleva\u00e7\u00e3o costeira que oferece uma das vistas panor\u00e2micas mais completas de Maric\u00e1. Do topo, \u00e9 poss\u00edvel ver a APA de Maric\u00e1 inteira, o sistema lagunar, a faixa de restinga, o oceano aberto e, em dias limpos, at\u00e9 o perfil do Rio de Janeiro ao longe.<\/p>\n\n\n\n<p>A trilha \u00e9 de n\u00edvel f\u00e1cil a moderado, com aproximadamente 1 km de extens\u00e3o e subida gradual. \u00c9 uma excelente op\u00e7\u00e3o pra quem quer uma experi\u00eancia de trilha sem grande esfor\u00e7o f\u00edsico \u2014 ideal pra iniciantes e fam\u00edlias.<\/p>\n\n\n\n<h2 class=\"wp-block-heading\">Informa\u00e7\u00f5es da trilha<\/h2>\n\n\n\n<ul class=\"wp-block-list\">\n<li>Dist\u00e2ncia: 1 km (s\u00f3 ida).<\/li>\n<li>Dificuldade: f\u00e1cil a moderada.<\/li>\n<li>Dura\u00e7\u00e3o: 30 a 45 minutos (subida).<\/li>\n<li>Acess\u00edvel pra crian\u00e7as a partir de 6 anos.<\/li>\n<li>Melhor hor\u00e1rio: fim de tarde (p\u00f4r do sol panor\u00e2mico).<\/li>\n<\/ul>\n\n\n\n<h2 class=\"wp-block-heading\">Dica de fotografia<\/h2>\n\n\n\n<p>O mirante \u00e9 excepcional pra fotos a\u00e9reas sem drone: a eleva\u00e7\u00e3o natural proporciona \u00e2ngulo amplo do litoral e das lagoas. Lente grande angular recomendada. Na golden hour (\u00faltima hora antes do p\u00f4r do sol), a luz dourada sobre as lagoas cria um efeito espelhado \u00fanico.<\/p>\n","protected":false},"excerpt":{"rendered":"<p>O Morro do Molhado \u00e9 uma eleva\u00e7\u00e3o costeira que oferece uma das vistas panor\u00e2micas mais completas de Maric\u00e1. Do topo, \u00e9 poss\u00edvel ver a APA de Maric\u00e1 inteira, o sistema lagunar, a faixa de restinga, o oceano aberto e, em dias limpos, at\u00e9 o perfil do Rio de Janeiro ao longe. A trilha \u00e9 de [&hellip;]<\/p>\n","protected":false},"author":1,"featured_media":554,"comment_status":"closed","ping_status":"closed","sticky":false,"template":"","format":"standard","meta":{"footnotes":""},"categories":[35,29],"tags":[36,43,40,38],"class_list":["post-517","post","type-post","status-publish","format-standard","has-post-thumbnail","hentry","category-marica","category-trilhas","tag-marica","tag-mirante","tag-natureza","tag-trilha"],"blocksy_meta":[],"_links":{"self":[{"href":"https:\/\/destinorj.com.br\/index.php\/wp-json\/wp\/v2\/posts\/517","targetHints":{"allow":["GET"]}}],"collection":[{"href":"https:\/\/destinorj.com.br\/index.php\/wp-json\/wp\/v2\/posts"}],"about":[{"href":"https:\/\/destinorj.com.br\/index.php\/wp-json\/wp\/v2\/types\/post"}],"author":[{"embeddable":true,"href":"https:\/\/destinorj.com.br\/index.php\/wp-json\/wp\/v2\/users\/1"}],"replies":[{"embeddable":true,"href":"https:\/\/destinorj.com.br\/index.php\/wp-json\/wp\/v2\/comments?post=517"}],"version-history":[{"count":1,"href":"https:\/\/destinorj.com.br\/index.php\/wp-json\/wp\/v2\/posts\/517\/revisions"}],"predecessor-version":[{"id":542,"href":"https:\/\/destinorj.com.br\/index.php\/wp-json\/wp\/v2\/posts\/517\/revisions\/542"}],"wp:featuredmedia":[{"embeddable":true,"href":"https:\/\/destinorj.com.br\/index.php\/wp-json\/wp\/v2\/media\/554"}],"wp:attachment":[{"href":"https:\/\/destinorj.com.br\/index.php\/wp-json\/wp\/v2\/media?parent=517"}],"wp:term":[{"taxonomy":"category","embeddable":true,"href":"https:\/\/destinorj.com.br\/index.php\/wp-json\/wp\/v2\/categories?post=517"},{"taxonomy":"post_tag","embeddable":true,"href":"https:\/\/destinorj.com.br\/index.php\/wp-json\/wp\/v2\/tags?post=517"}],"curies":[{"name":"wp","href":"https:\/\/api.w.org\/{rel}","templated":true}]}}