{"id":516,"date":"2026-04-26T09:00:00","date_gmt":"2026-04-26T12:00:00","guid":{"rendered":"https:\/\/destinorj.com.br\/?p=516"},"modified":"2026-04-15T22:23:32","modified_gmt":"2026-04-16T01:23:32","slug":"farol-de-ponta-negra","status":"publish","type":"post","link":"https:\/\/destinorj.com.br\/index.php\/2026\/04\/26\/farol-de-ponta-negra\/","title":{"rendered":"Farol de Ponta Negra"},"content":{"rendered":"\n<p>O Farol de Ponta Negra \u00e9 um dos patrim\u00f4nios hist\u00f3ricos mais charmosos de Maric\u00e1. Constru\u00eddo no in\u00edcio do s\u00e9culo XX pra guiar embarca\u00e7\u00f5es na costa, o farol foi desativado h\u00e1 d\u00e9cadas, mas suas ru\u00ednas continuam de p\u00e9 \u2014 e rendendo fotos espetaculares contra o c\u00e9u azul e o mar de fundo.<\/p>\n\n\n\n<p>Localizado num ponto elevado da costa, o farol \u00e9 acess\u00edvel por uma caminhada curta a partir do bairro de Ponta Negra. O entorno \u00e9 selvagem e rochoso, com forma\u00e7\u00f5es naturais que criam piscinas de mar\u00e9 quando a \u00e1gua recua. \u00c9 um lugar pra contemplar, fotografar e sentir a hist\u00f3ria.<\/p>\n\n\n\n<h2 class=\"wp-block-heading\">O que saber antes de ir<\/h2>\n\n\n\n<ul class=\"wp-block-list\">\n<li>A estrutura do farol \u00e9 antiga e n\u00e3o h\u00e1 manuten\u00e7\u00e3o \u2014 n\u00e3o subir ou entrar nas ru\u00ednas.<\/li>\n<li>O acesso \u00e9 por trilha curta (15 minutos) a partir da estrada costeira de Ponta Negra.<\/li>\n<li>Melhor hor\u00e1rio: manh\u00e3 cedo (luz bonita pra fotos) ou fim de tarde.<\/li>\n<li>Levar: c\u00e2mera, \u00e1gua, protetor solar.<\/li>\n<li>Combinar a visita com Pico do Farol e Canal de Ponta Negra no mesmo dia.<\/li>\n<\/ul>\n\n\n\n<h2 class=\"wp-block-heading\">Contexto hist\u00f3rico<\/h2>\n\n\n\n<p>O farol foi parte de um sistema de sinaliza\u00e7\u00e3o costeira que protegia os navios que navegavam entre o Rio de Janeiro e a Regi\u00e3o dos Lagos. Com a moderniza\u00e7\u00e3o da navega\u00e7\u00e3o e a constru\u00e7\u00e3o de far\u00f3is mais potentes, a estrutura de Ponta Negra perdeu sua fun\u00e7\u00e3o original mas ganhou uma nova vida como ponto tur\u00edstico e cen\u00e1rio fotogr\u00e1fico.<\/p>\n","protected":false},"excerpt":{"rendered":"<p>O Farol de Ponta Negra \u00e9 um dos patrim\u00f4nios hist\u00f3ricos mais charmosos de Maric\u00e1. Constru\u00eddo no in\u00edcio do s\u00e9culo XX pra guiar embarca\u00e7\u00f5es na costa, o farol foi desativado h\u00e1 d\u00e9cadas, mas suas ru\u00ednas continuam de p\u00e9 \u2014 e rendendo fotos espetaculares contra o c\u00e9u azul e o mar de fundo. Localizado num ponto elevado [&hellip;]<\/p>\n","protected":false},"author":1,"featured_media":553,"comment_status":"closed","ping_status":"closed","sticky":false,"template":"","format":"standard","meta":{"footnotes":""},"categories":[1,35],"tags":[42,36,40],"class_list":["post-516","post","type-post","status-publish","format-standard","has-post-thumbnail","hentry","category-geral","category-marica","tag-historia","tag-marica","tag-natureza"],"blocksy_meta":[],"_links":{"self":[{"href":"https:\/\/destinorj.com.br\/index.php\/wp-json\/wp\/v2\/posts\/516","targetHints":{"allow":["GET"]}}],"collection":[{"href":"https:\/\/destinorj.com.br\/index.php\/wp-json\/wp\/v2\/posts"}],"about":[{"href":"https:\/\/destinorj.com.br\/index.php\/wp-json\/wp\/v2\/types\/post"}],"author":[{"embeddable":true,"href":"https:\/\/destinorj.com.br\/index.php\/wp-json\/wp\/v2\/users\/1"}],"replies":[{"embeddable":true,"href":"https:\/\/destinorj.com.br\/index.php\/wp-json\/wp\/v2\/comments?post=516"}],"version-history":[{"count":1,"href":"https:\/\/destinorj.com.br\/index.php\/wp-json\/wp\/v2\/posts\/516\/revisions"}],"predecessor-version":[{"id":540,"href":"https:\/\/destinorj.com.br\/index.php\/wp-json\/wp\/v2\/posts\/516\/revisions\/540"}],"wp:featuredmedia":[{"embeddable":true,"href":"https:\/\/destinorj.com.br\/index.php\/wp-json\/wp\/v2\/media\/553"}],"wp:attachment":[{"href":"https:\/\/destinorj.com.br\/index.php\/wp-json\/wp\/v2\/media?parent=516"}],"wp:term":[{"taxonomy":"category","embeddable":true,"href":"https:\/\/destinorj.com.br\/index.php\/wp-json\/wp\/v2\/categories?post=516"},{"taxonomy":"post_tag","embeddable":true,"href":"https:\/\/destinorj.com.br\/index.php\/wp-json\/wp\/v2\/tags?post=516"}],"curies":[{"name":"wp","href":"https:\/\/api.w.org\/{rel}","templated":true}]}}